{"id":3435,"date":"2023-06-17T15:18:45","date_gmt":"2023-06-17T13:18:45","guid":{"rendered":"https:\/\/www.bodonos.fi\/judo\/?p=3435"},"modified":"2023-06-17T15:18:45","modified_gmt":"2023-06-17T13:18:45","slug":"bodonoksen-kesa","status":"publish","type":"post","link":"http:\/\/www.bodonos.fi\/judo\/2023\/06\/bodonoksen-kesa\/","title":{"rendered":"Bodonoksen kes\u00e4"},"content":{"rendered":"<p>Loppukes\u00e4n ohjelmasta!<\/p>\n<p>&#8211; Ensi viikolla tiistaina 20.6. harjoitukset normaalisti Eerontiell\u00e4 ja 21.6. Keinukalliolla m\u00e4kiharkat 17-18. Perjantaina 23.6. ei harjoituksia.<\/p>\n<p>&#8211; T\u00e4m\u00e4n j\u00e4lkeen harjoitukset muuttuvat siten, ett\u00e4 keskiviikkoisin j\u00e4rjestet\u00e4\u00e4n Keinukalliolla harjoitukset 17-18 ja perjantaisin normaalit judosaliharjoitukset, mutta tiistain vuoro j\u00e4\u00e4 tauolle koulujen alkuun asti.<\/p>\n<p>&#8211; Keinukallion m\u00e4ki\/porrasharjoitukset ovat kaikille avoimia! Moni vanhempi siell\u00e4 on jo k\u00e4ynytkin, mutta muistakaa ett\u00e4 keskiviikon Keinukallion keikat ovat avoinna junnujen lis\u00e4ksi loppuperheelle ja vaikka kavereillekin jotka haluavat ulkoilua ja kuntoilua, ja tietysti oman kunnon mukaan. My\u00f6s muiden judoseurojen harjoittelijat i\u00e4st\u00e4 riippumatta ovat tervetulleita mukaan koko kes\u00e4n ajan, veloituksetta tietysti. Viime keskikviikkona meill\u00e4 oli siell\u00e4 m\u00e4ess\u00e4 ik\u00e4jakauma 7 &#8211; 55 vuotta.<\/p>\n<p>&#8211; Tutustukaa kes\u00e4n leiri- ja kurssivalikoimaan osoitteessa https:\/\/judo.fi\/kalenteri-2\/ Siell\u00e4 on useita leirej\u00e4 kes\u00e4lle, mukaanlukien M\u00e4ntyharjun Eloleiri, johon meid\u00e4n seura on viel\u00e4 ihan erikseen kutsuttu mukaan. Leireille osallistuminen on kivaa (kysyk\u00e4\u00e4 vaikka meid\u00e4n TUL:n leirill\u00e4 k\u00e4yneelt\u00e4 porukalta) ja niiss\u00e4 k\u00e4yminen on my\u00f6s osa judossa kehittymist\u00e4 ja edellytys ylempien junnuv\u00f6iden suorittamiseen.<\/p>\n","protected":false},"excerpt":{"rendered":"<p>Loppukes\u00e4n ohjelmasta! &#8211; Ensi viikolla tiistaina 20.6. harjoitukset normaalisti Eerontiell\u00e4 ja 21.6. Keinukalliolla m\u00e4kiharkat 17-18. Perjantaina 23.6. ei harjoituksia. &#8211; T\u00e4m\u00e4n j\u00e4lkeen harjoitukset muuttuvat siten, ett\u00e4 keskiviikkoisin j\u00e4rjestet\u00e4\u00e4n Keinukalliolla harjoitukset 17-18 ja perjantaisin normaalit judosaliharjoitukset, mutta tiistain vuoro j\u00e4\u00e4 tauolle koulujen alkuun asti. &#8211; Keinukallion m\u00e4ki\/porrasharjoitukset ovat kaikille avoimia! Moni vanhempi siell\u00e4 on jo k\u00e4ynytkin,&#8230;<\/p>\n","protected":false},"author":9,"featured_media":0,"comment_status":"closed","ping_status":"open","sticky":false,"template":"","format":"standard","meta":{"_lmt_disableupdate":"","_lmt_disable":"","footnotes":""},"categories":[1],"tags":[],"class_list":["post-3435","post","type-post","status-publish","format-standard","hentry","category-judo"],"modified_by":"matias","_links":{"self":[{"href":"http:\/\/www.bodonos.fi\/judo\/wp-json\/wp\/v2\/posts\/3435","targetHints":{"allow":["GET"]}}],"collection":[{"href":"http:\/\/www.bodonos.fi\/judo\/wp-json\/wp\/v2\/posts"}],"about":[{"href":"http:\/\/www.bodonos.fi\/judo\/wp-json\/wp\/v2\/types\/post"}],"author":[{"embeddable":true,"href":"http:\/\/www.bodonos.fi\/judo\/wp-json\/wp\/v2\/users\/9"}],"replies":[{"embeddable":true,"href":"http:\/\/www.bodonos.fi\/judo\/wp-json\/wp\/v2\/comments?post=3435"}],"version-history":[{"count":1,"href":"http:\/\/www.bodonos.fi\/judo\/wp-json\/wp\/v2\/posts\/3435\/revisions"}],"predecessor-version":[{"id":3436,"href":"http:\/\/www.bodonos.fi\/judo\/wp-json\/wp\/v2\/posts\/3435\/revisions\/3436"}],"wp:attachment":[{"href":"http:\/\/www.bodonos.fi\/judo\/wp-json\/wp\/v2\/media?parent=3435"}],"wp:term":[{"taxonomy":"category","embeddable":true,"href":"http:\/\/www.bodonos.fi\/judo\/wp-json\/wp\/v2\/categories?post=3435"},{"taxonomy":"post_tag","embeddable":true,"href":"http:\/\/www.bodonos.fi\/judo\/wp-json\/wp\/v2\/tags?post=3435"}],"curies":[{"name":"wp","href":"https:\/\/api.w.org\/{rel}","templated":true}]}}