{"id":3524,"date":"2024-12-21T22:59:00","date_gmt":"2024-12-21T20:59:00","guid":{"rendered":"https:\/\/www.bodonos.fi\/judo\/?p=3524"},"modified":"2024-12-21T22:59:00","modified_gmt":"2024-12-21T20:59:00","slug":"pikkujoulut-ja-kauden-paatos-2024","status":"publish","type":"post","link":"http:\/\/www.bodonos.fi\/judo\/2024\/12\/pikkujoulut-ja-kauden-paatos-2024\/","title":{"rendered":"Pikkujoulut ja kauden p\u00e4\u00e4t\u00f6s 2024"},"content":{"rendered":"<p>Olympiavuosi 2024 oli j\u00e4nnitt\u00e4v\u00e4. Valtteri oli todella l\u00e4hell\u00e4 p\u00e4\u00e4st\u00e4 olympialaisiin edustamaan Suomea, ja Pariisiin l\u00e4htikin ensimm\u00e4ist\u00e4 kertaa vuosikymmeniin suomalaisia kisaamaan ja oikein kaksin kappalein! Kotisallillakin t\u00e4m\u00e4 innostus n\u00e4kyi niin uusien harjoittelijoiden kuin tauolta palaavienkin muodossa. COVID teki pahaa j\u00e4lke\u00e4 kaikissa Suomen urheiluseuroissa ja moni aktiivinen urheilija lopetti silloin harjoittelunsa. Meill\u00e4kin meni useita vuosia ennenkuin p\u00e4\u00e4stiin takaisin samoihin harjoittelijam\u00e4\u00e4riin kuin mit\u00e4 ennen karanteenejakin, mutta nyt taas tatami t\u00f6misee entiseen malliin.<\/p>\n<p><img loading=\"lazy\" decoding=\"async\" class=\"size-medium wp-image-3528 alignnone\" src=\"http:\/\/www.bodonos.fi\/judo\/wp-content\/uploads\/2024\/12\/20241217_192014-300x225.jpg\" alt=\"\" width=\"300\" height=\"225\" srcset=\"http:\/\/www.bodonos.fi\/judo\/wp-content\/uploads\/2024\/12\/20241217_192014-300x225.jpg 300w, http:\/\/www.bodonos.fi\/judo\/wp-content\/uploads\/2024\/12\/20241217_192014-768x576.jpg 768w, http:\/\/www.bodonos.fi\/judo\/wp-content\/uploads\/2024\/12\/20241217_192014.jpg 839w\" sizes=\"auto, (max-width: 300px) 100vw, 300px\" \/><\/p>\n<p>Kasaannuimme 17.12. Eerontielle niin junnujen kuin aikuistenkin kanssa p\u00e4\u00e4tt\u00e4m\u00e4\u00e4n syyskautta. Juniorit juhlivat uusia natsa- ja vy\u00f6arvojaan ja oli siell\u00e4 muutama aikuinenkin saanut tummempaa v\u00e4ri\u00e4 vy\u00f6h\u00f6n.<\/p>\n<figure id=\"attachment_3530\" aria-describedby=\"caption-attachment-3530\" style=\"width: 225px\" class=\"wp-caption alignnone\"><img loading=\"lazy\" decoding=\"async\" class=\"wp-image-3530 size-medium\" src=\"http:\/\/www.bodonos.fi\/judo\/wp-content\/uploads\/2024\/12\/junnut-joulu-2024-225x300.jpg\" alt=\"\" width=\"225\" height=\"300\" srcset=\"http:\/\/www.bodonos.fi\/judo\/wp-content\/uploads\/2024\/12\/junnut-joulu-2024-225x300.jpg 225w, http:\/\/www.bodonos.fi\/judo\/wp-content\/uploads\/2024\/12\/junnut-joulu-2024-768x1024.jpg 768w, http:\/\/www.bodonos.fi\/judo\/wp-content\/uploads\/2024\/12\/junnut-joulu-2024-1152x1536.jpg 1152w, http:\/\/www.bodonos.fi\/judo\/wp-content\/uploads\/2024\/12\/junnut-joulu-2024-1536x2048.jpg 1536w, http:\/\/www.bodonos.fi\/judo\/wp-content\/uploads\/2024\/12\/junnut-joulu-2024-scaled.jpg 1920w\" sizes=\"auto, (max-width: 225px) 100vw, 225px\" \/><figcaption id=\"caption-attachment-3530\" class=\"wp-caption-text\">Joulukuun kokeessa natsa- ja vy\u00f6arvot suorittaneet<\/figcaption><\/figure>\n<figure id=\"attachment_3527\" aria-describedby=\"caption-attachment-3527\" style=\"width: 300px\" class=\"wp-caption alignnone\"><img loading=\"lazy\" decoding=\"async\" class=\"wp-image-3527 size-medium\" src=\"http:\/\/www.bodonos.fi\/judo\/wp-content\/uploads\/2024\/12\/20241217_192130-300x225.jpg\" alt=\"\" width=\"300\" height=\"225\" srcset=\"http:\/\/www.bodonos.fi\/judo\/wp-content\/uploads\/2024\/12\/20241217_192130-300x225.jpg 300w, http:\/\/www.bodonos.fi\/judo\/wp-content\/uploads\/2024\/12\/20241217_192130-768x576.jpg 768w, http:\/\/www.bodonos.fi\/judo\/wp-content\/uploads\/2024\/12\/20241217_192130.jpg 839w\" sizes=\"auto, (max-width: 300px) 100vw, 300px\" \/><figcaption id=\"caption-attachment-3527\" class=\"wp-caption-text\">Valtteri juonittelemassa junnuohjaajien Matiaksen ja Mannen kanssa junnujen p\u00e4\u00e4n menoksi.<\/figcaption><\/figure>\n<p>Yll\u00e4tysvet\u00e4j\u00e4ksi oltiin saatu juuri edell\u00e4 mainittu Valtsu, joka h\u00e4din tuskin ehti laskeutua Japanin maajoukkueleirilt\u00e4\u00e4n maahan ennenkuin ravasi opettamassa meille tiukkaa kamppailua ja kisatekniikkaa. Kahdelle juniorille my\u00f6nnettiin kunniakirjat hienosta kisamenestyksest\u00e4 ja positiivisesta asennemuutoksesta, judo kun on kamppailun lis\u00e4ksi my\u00f6s kasvamista ja kehittymist\u00e4. Illan p\u00e4\u00e4tteeksi k\u00e4ytiin porukalla sy\u00f6m\u00e4ss\u00e4 ja istumassa iltaa, mutta siit\u00e4 ei uskalla en\u00e4\u00e4 n\u00e4ytt\u00e4\u00e4 kuvia, joten parempi ett\u00e4 laitetaan loppuun kiva ryhm\u00e4kuva jossa joku saattaa jopa hymyill\u00e4.<\/p>\n<p><img loading=\"lazy\" decoding=\"async\" class=\"alignnone size-medium wp-image-3526\" src=\"http:\/\/www.bodonos.fi\/judo\/wp-content\/uploads\/2024\/12\/20241217_192915-300x225.jpg\" alt=\"\" width=\"300\" height=\"225\" srcset=\"http:\/\/www.bodonos.fi\/judo\/wp-content\/uploads\/2024\/12\/20241217_192915-300x225.jpg 300w, http:\/\/www.bodonos.fi\/judo\/wp-content\/uploads\/2024\/12\/20241217_192915-768x576.jpg 768w, http:\/\/www.bodonos.fi\/judo\/wp-content\/uploads\/2024\/12\/20241217_192915.jpg 839w\" sizes=\"auto, (max-width: 300px) 100vw, 300px\" \/><\/p>\n<p>Bodonoksen puolesta kiitos huippuvuodesta! Harjoitukset jatkuvat 7.1.2025 &#8211; tule mukaan!<\/p>\n","protected":false},"excerpt":{"rendered":"<p>Olympiavuosi 2024 oli j\u00e4nnitt\u00e4v\u00e4. Valtteri oli todella l\u00e4hell\u00e4 p\u00e4\u00e4st\u00e4 olympialaisiin edustamaan Suomea, ja Pariisiin l\u00e4htikin ensimm\u00e4ist\u00e4 kertaa vuosikymmeniin suomalaisia kisaamaan ja oikein kaksin kappalein! Kotisallillakin t\u00e4m\u00e4 innostus n\u00e4kyi niin uusien harjoittelijoiden kuin tauolta palaavienkin muodossa. COVID teki pahaa j\u00e4lke\u00e4 kaikissa Suomen urheiluseuroissa ja moni aktiivinen urheilija lopetti silloin harjoittelunsa. Meill\u00e4kin meni useita vuosia ennenkuin p\u00e4\u00e4stiin&#8230;<\/p>\n","protected":false},"author":9,"featured_media":3525,"comment_status":"closed","ping_status":"open","sticky":false,"template":"","format":"standard","meta":{"_lmt_disableupdate":"","_lmt_disable":"","footnotes":""},"categories":[1],"tags":[],"class_list":["post-3524","post","type-post","status-publish","format-standard","has-post-thumbnail","hentry","category-judo"],"modified_by":"matias","_links":{"self":[{"href":"http:\/\/www.bodonos.fi\/judo\/wp-json\/wp\/v2\/posts\/3524","targetHints":{"allow":["GET"]}}],"collection":[{"href":"http:\/\/www.bodonos.fi\/judo\/wp-json\/wp\/v2\/posts"}],"about":[{"href":"http:\/\/www.bodonos.fi\/judo\/wp-json\/wp\/v2\/types\/post"}],"author":[{"embeddable":true,"href":"http:\/\/www.bodonos.fi\/judo\/wp-json\/wp\/v2\/users\/9"}],"replies":[{"embeddable":true,"href":"http:\/\/www.bodonos.fi\/judo\/wp-json\/wp\/v2\/comments?post=3524"}],"version-history":[{"count":2,"href":"http:\/\/www.bodonos.fi\/judo\/wp-json\/wp\/v2\/posts\/3524\/revisions"}],"predecessor-version":[{"id":3531,"href":"http:\/\/www.bodonos.fi\/judo\/wp-json\/wp\/v2\/posts\/3524\/revisions\/3531"}],"wp:featuredmedia":[{"embeddable":true,"href":"http:\/\/www.bodonos.fi\/judo\/wp-json\/wp\/v2\/media\/3525"}],"wp:attachment":[{"href":"http:\/\/www.bodonos.fi\/judo\/wp-json\/wp\/v2\/media?parent=3524"}],"wp:term":[{"taxonomy":"category","embeddable":true,"href":"http:\/\/www.bodonos.fi\/judo\/wp-json\/wp\/v2\/categories?post=3524"},{"taxonomy":"post_tag","embeddable":true,"href":"http:\/\/www.bodonos.fi\/judo\/wp-json\/wp\/v2\/tags?post=3524"}],"curies":[{"name":"wp","href":"https:\/\/api.w.org\/{rel}","templated":true}]}}