{"id":3594,"date":"2025-04-29T12:08:39","date_gmt":"2025-04-29T10:08:39","guid":{"rendered":"https:\/\/www.bodonos.fi\/judo\/?p=3594"},"modified":"2025-04-29T12:08:39","modified_gmt":"2025-04-29T10:08:39","slug":"kutsu-voimailuseura-bodonoksen-saantomaarainen-kevatkokous-20-5-2025","status":"publish","type":"post","link":"http:\/\/www.bodonos.fi\/judo\/2025\/04\/kutsu-voimailuseura-bodonoksen-saantomaarainen-kevatkokous-20-5-2025\/","title":{"rendered":"Kutsu \/ Voimailuseura Bodonoksen s\u00e4\u00e4nt\u00f6m\u00e4\u00e4r\u00e4inen kev\u00e4tkokous 20.5.2025"},"content":{"rendered":"<header class=\"entry-header\"><\/header>\n<div class=\"entry-content clearfix\">\n<p><strong>KOKOUSKUTSU<\/strong><\/p>\n<p><strong>Voimailuseura Bodonos r.y.n s\u00e4\u00e4nt\u00f6m\u00e4\u00e4r\u00e4inen kev\u00e4tkokous pidet\u00e4\u00e4n tiistaina 20.5.2025 klo 19:30 kokouspaikkana <a href=\"https:\/\/www.bodonos.fi\/voimailu\/?page_id=2598\">City-voimailusali<\/a> (os. Kauppakaari 11, 04200 Kerav<\/strong>a<strong>). Tervetuloa!<\/strong><\/p>\n<p>Seuran j\u00e4senill\u00e4 on osallistumis- ja \u00e4\u00e4nioikeus.<\/p>\n<p><strong>ESITYSLISTA \/ SYYSKOKOUS<\/strong><\/p>\n<p>\u00a71\u00a0 \u00a0KOKOUKSEN AVAUS JA P\u00c4\u00c4T\u00d6SVALTAISUUS<\/p>\n<p>\u00a72\u00a0 \u00a0VALITAAN KOKOUKSEN TOIMIHENKIL\u00d6T (puheenjohtaja, sihteeri, \u00e4\u00e4ntenlaskijat ja p\u00f6yt\u00e4kirjan tarkastajat)<\/p>\n<p>\u00a73\u00a0 \u00a0KOKOUKSEN TY\u00d6J\u00c4RJESTYKSEN VAHVISTAMINEN<\/p>\n<p>\u00a74\u00a0 \u00a0HYV\u00c4KSYT\u00c4\u00c4N JOHTOKUNNAN TOIMINTAKERTOMUS<\/p>\n<p>\u00a75\u00a0 \u00a0HYV\u00c4KSYT\u00c4\u00c4N TILIONP\u00c4\u00c4T\u00d6S JA KUULLAAN TOIMINNANTARKASTAJAN LAUSUNTO<\/p>\n<p>\u00a76\u00a0 \u00a0P\u00c4\u00c4TET\u00c4\u00c4N TILINP\u00c4\u00c4T\u00d6KSEN VAHVISTAMISESTA<\/p>\n<p>\u00a77\u00a0 \u00a0P\u00c4\u00c4TET\u00c4\u00c4N VASTUUVAPAUDEN MY\u00d6NT\u00c4MISEST\u00c4<\/p>\n<p>\u00a78\u00a0 \u00a0VALITAAN TARVITTAESSA SEURAN EDUSTAJAT YHTEIS\u00d6IHIN<\/p>\n<p>\u00a714\u00a0 K\u00c4SITELL\u00c4\u00c4N KOKOUKSELLE TEHDYT ALOITTEET<\/p>\n<p>\u00a715\u00a0 MUUT ESILLE TULEVAT ASIAT<\/p>\n<p>\u00a716\u00a0 KOKOUKSEN P\u00c4\u00c4TT\u00c4MINEN<\/p>\n<\/div>\n","protected":false},"excerpt":{"rendered":"<p>KOKOUSKUTSU Voimailuseura Bodonos r.y.n s\u00e4\u00e4nt\u00f6m\u00e4\u00e4r\u00e4inen kev\u00e4tkokous pidet\u00e4\u00e4n tiistaina 20.5.2025 klo 19:30 kokouspaikkana City-voimailusali (os. Kauppakaari 11, 04200 Kerava). Tervetuloa! Seuran j\u00e4senill\u00e4 on osallistumis- ja \u00e4\u00e4nioikeus. ESITYSLISTA \/ SYYSKOKOUS \u00a71\u00a0 \u00a0KOKOUKSEN AVAUS JA P\u00c4\u00c4T\u00d6SVALTAISUUS \u00a72\u00a0 \u00a0VALITAAN KOKOUKSEN TOIMIHENKIL\u00d6T (puheenjohtaja, sihteeri, \u00e4\u00e4ntenlaskijat ja p\u00f6yt\u00e4kirjan tarkastajat) \u00a73\u00a0 \u00a0KOKOUKSEN TY\u00d6J\u00c4RJESTYKSEN VAHVISTAMINEN \u00a74\u00a0 \u00a0HYV\u00c4KSYT\u00c4\u00c4N JOHTOKUNNAN TOIMINTAKERTOMUS \u00a75\u00a0 \u00a0HYV\u00c4KSYT\u00c4\u00c4N TILIONP\u00c4\u00c4T\u00d6S JA&#8230;<\/p>\n","protected":false},"author":9,"featured_media":0,"comment_status":"closed","ping_status":"open","sticky":false,"template":"","format":"standard","meta":{"_lmt_disableupdate":"","_lmt_disable":"","footnotes":""},"categories":[1],"tags":[],"class_list":["post-3594","post","type-post","status-publish","format-standard","hentry","category-judo"],"modified_by":"matias","_links":{"self":[{"href":"http:\/\/www.bodonos.fi\/judo\/wp-json\/wp\/v2\/posts\/3594","targetHints":{"allow":["GET"]}}],"collection":[{"href":"http:\/\/www.bodonos.fi\/judo\/wp-json\/wp\/v2\/posts"}],"about":[{"href":"http:\/\/www.bodonos.fi\/judo\/wp-json\/wp\/v2\/types\/post"}],"author":[{"embeddable":true,"href":"http:\/\/www.bodonos.fi\/judo\/wp-json\/wp\/v2\/users\/9"}],"replies":[{"embeddable":true,"href":"http:\/\/www.bodonos.fi\/judo\/wp-json\/wp\/v2\/comments?post=3594"}],"version-history":[{"count":1,"href":"http:\/\/www.bodonos.fi\/judo\/wp-json\/wp\/v2\/posts\/3594\/revisions"}],"predecessor-version":[{"id":3595,"href":"http:\/\/www.bodonos.fi\/judo\/wp-json\/wp\/v2\/posts\/3594\/revisions\/3595"}],"wp:attachment":[{"href":"http:\/\/www.bodonos.fi\/judo\/wp-json\/wp\/v2\/media?parent=3594"}],"wp:term":[{"taxonomy":"category","embeddable":true,"href":"http:\/\/www.bodonos.fi\/judo\/wp-json\/wp\/v2\/categories?post=3594"},{"taxonomy":"post_tag","embeddable":true,"href":"http:\/\/www.bodonos.fi\/judo\/wp-json\/wp\/v2\/tags?post=3594"}],"curies":[{"name":"wp","href":"https:\/\/api.w.org\/{rel}","templated":true}]}}