{"id":6419,"date":"2025-06-15T01:34:35","date_gmt":"2025-06-14T23:34:35","guid":{"rendered":"https:\/\/www.bodonos.fi\/voimailu\/?p=6419"},"modified":"2025-06-15T01:34:35","modified_gmt":"2025-06-14T23:34:35","slug":"janette-ylisoini-kilpaili-albu-cupissa-14-06-2025","status":"publish","type":"post","link":"https:\/\/www.bodonos.fi\/voimailu\/janette-ylisoini-kilpaili-albu-cupissa-14-06-2025\/","title":{"rendered":"Janette Ylisoini kilpaili Albu Cupissa 14.06.2025"},"content":{"rendered":"\n<p>Janette Ylisoini nosti tempauksen yleisen sarjan Pohjoismaiden enn\u00e4tyksen 105 kiloa Virossa Albu Cupissa.<\/p>\n\n\n\n<p>Janette kilpaili 77kg sarjassa ja voitti kultaa yhteistuloksella 105+127=<strong>232 kg<\/strong>. Tempaus, ty\u00f6nt\u00f6 ja yhteistulos ovat yleisen sarjan 23-vuotiaiden ja 20-vuotiaiden Suomen enn\u00e4tyksi\u00e4 sek\u00e4 20-vuotiaiden Pohjoismaiden enn\u00e4tyksi\u00e4.<\/p>\n\n\n\n<p>Jukka Ylisoini (RoRe) nosti 120+150=<strong>270 kg<\/strong>. Yhdess\u00e4 Ylisoinit sijoittuivat perhesarjassa hienosti hopealle. Perhesarjaan osallistui 7 perhett\u00e4 nelj\u00e4st\u00e4 eri maasta.<\/p>\n\n\n<div class=\"wp-block-image\">\n<figure class=\"aligncenter\"><img fetchpriority=\"high\" decoding=\"async\" width=\"547\" height=\"524\" src=\"https:\/\/www.bodonos.fi\/voimailu\/wp-content\/uploads\/2025\/06\/Screenshot-2025-06-15-at-02-30-22-Instagram.png\" alt=\"\" class=\"wp-image-6421\"\/><figcaption class=\"wp-element-caption\">Janette Ylisoini &#8211; ensimm\u00e4inen sija<\/figcaption><\/figure>\n<\/div>\n\n<div class=\"wp-block-image\">\n<figure class=\"aligncenter\"><img decoding=\"async\" width=\"511\" height=\"524\" src=\"https:\/\/www.bodonos.fi\/voimailu\/wp-content\/uploads\/2025\/06\/Screenshot-2025-06-15-at-02-30-39-Instagram.png\" alt=\"\" class=\"wp-image-6420\"\/><figcaption class=\"wp-element-caption\">Janette ja Jukka Ylisoini<\/figcaption><\/figure>\n<\/div>\n\n\n<p>Janeten nostot n\u00e4et <a href=\"https:\/\/www.instagram.com\/p\/DK43ugCNta2\/\">Instagramissa<\/a>!<\/p>\n\n\n\n<p><\/p>\n","protected":false},"excerpt":{"rendered":"<p>Janette Ylisoini nosti tempauksen yleisen sarjan Pohjoismaiden enn\u00e4tyksen 105 kiloa Virossa Albu Cupissa. Janette kilpaili<\/p>\n","protected":false},"author":6,"featured_media":0,"comment_status":"closed","ping_status":"closed","sticky":false,"template":"","format":"standard","meta":{"footnotes":""},"categories":[8,56],"tags":[54,38],"class_list":["post-6419","post","type-post","status-publish","format-standard","hentry","category-ennatykset","category-painonnosto","tag-54","tag-janette-ylisoini","comments-off"],"_links":{"self":[{"href":"https:\/\/www.bodonos.fi\/voimailu\/wp-json\/wp\/v2\/posts\/6419","targetHints":{"allow":["GET"]}}],"collection":[{"href":"https:\/\/www.bodonos.fi\/voimailu\/wp-json\/wp\/v2\/posts"}],"about":[{"href":"https:\/\/www.bodonos.fi\/voimailu\/wp-json\/wp\/v2\/types\/post"}],"author":[{"embeddable":true,"href":"https:\/\/www.bodonos.fi\/voimailu\/wp-json\/wp\/v2\/users\/6"}],"replies":[{"embeddable":true,"href":"https:\/\/www.bodonos.fi\/voimailu\/wp-json\/wp\/v2\/comments?post=6419"}],"version-history":[{"count":1,"href":"https:\/\/www.bodonos.fi\/voimailu\/wp-json\/wp\/v2\/posts\/6419\/revisions"}],"predecessor-version":[{"id":6422,"href":"https:\/\/www.bodonos.fi\/voimailu\/wp-json\/wp\/v2\/posts\/6419\/revisions\/6422"}],"wp:attachment":[{"href":"https:\/\/www.bodonos.fi\/voimailu\/wp-json\/wp\/v2\/media?parent=6419"}],"wp:term":[{"taxonomy":"category","embeddable":true,"href":"https:\/\/www.bodonos.fi\/voimailu\/wp-json\/wp\/v2\/categories?post=6419"},{"taxonomy":"post_tag","embeddable":true,"href":"https:\/\/www.bodonos.fi\/voimailu\/wp-json\/wp\/v2\/tags?post=6419"}],"curies":[{"name":"wp","href":"https:\/\/api.w.org\/{rel}","templated":true}]}}