{"id":6473,"date":"2025-09-20T16:50:48","date_gmt":"2025-09-20T14:50:48","guid":{"rendered":"https:\/\/www.bodonos.fi\/voimailu\/?p=6473"},"modified":"2025-09-20T17:00:21","modified_gmt":"2025-09-20T15:00:21","slug":"kansalliset-kilpailut-20-9-2025-tuloksia","status":"publish","type":"post","link":"https:\/\/www.bodonos.fi\/voimailu\/kansalliset-kilpailut-20-9-2025-tuloksia\/","title":{"rendered":"Kansalliset kilpailut 20.9.2025 &#8211; tuloksia"},"content":{"rendered":"\n<p>Bodonos j\u00e4rjesti Keravalla City-salilla kansalliset painonnostokilpailut 20.9.2025. Vesivahingosta aiheutuneesta k\u00e4ytt\u00f6kelvollisten neli\u00f6iden puuttumisesta huolimatta tunnelma oli katossa ja SE-enn\u00e4tyksi\u00e4, sek\u00e4 omia henkil\u00f6kohtaisia kisaenn\u00e4tyksi\u00e4 paukkui rikki.<\/p>\n\n\n\n<h2 class=\"wp-block-heading\">Naiset<\/h2>\n\n\n\n<div class=\"wp-block-group is-vertical is-layout-flex wp-container-core-group-is-layout-8cf370e7 wp-block-group-is-layout-flex\">\n<p class=\"has-tertiary-color has-text-color has-link-color wp-elements-cc1157f58607c59a66d51a7a080cafb5\"><strong>Sarja N63<\/strong><\/p>\n\n\n\n<ol class=\"wp-block-list\">\n<li>Gr\u00f6nberg Minna J\u00e4Te (-73\/62,20) <strong>93kg<\/strong> <strong>N50SE (41 N50SE+52 N50SE)<\/strong> 127.581 p.<\/li>\n<\/ol>\n<\/div>\n\n\n\n<div class=\"wp-block-group is-vertical is-layout-flex wp-container-core-group-is-layout-8cf370e7 wp-block-group-is-layout-flex\">\n<p class=\"has-tertiary-color has-text-color has-link-color wp-elements-806c3b0fcf132b2a4bc41508d969c22a\"><strong>Sarja N86<\/strong><\/p>\n\n\n\n<ol class=\"wp-block-list\">\n<li>Simola Marika J\u00e4Te (-85\/77,40) <strong>158kg<\/strong> (72+86) 197.527 p.<\/li>\n<\/ol>\n<\/div>\n\n\n\n<h2 class=\"wp-block-heading\">Miehet<\/h2>\n\n\n\n<div class=\"wp-block-group is-vertical is-layout-flex wp-container-core-group-is-layout-68afab4e wp-block-group-is-layout-flex\">\n<p class=\"has-tertiary-color has-text-color has-link-color wp-elements-24a1c3ed97f857c4d413a10ad20cffbf\"><strong>Sarja M71<\/strong><\/p>\n\n\n\n<ol class=\"wp-block-list\">\n<li>Stockus Jari MiVo (-81\/65,25) <strong>149kg<\/strong> <strong>M40SE (62 M40SE+87 M40SE) <\/strong>p.221.007 <\/li>\n<\/ol>\n\n\n\n<p>2. Huuskonen Viljam Bodonos (-11\/70,75) <strong>125kg <\/strong>(55+70) 175.190 p.<\/p>\n<\/div>\n\n\n\n<div class=\"wp-block-group is-vertical is-layout-flex wp-container-core-group-is-layout-8cf370e7 wp-block-group-is-layout-flex\">\n<p class=\"has-tertiary-color has-text-color has-link-color wp-elements-56a60796caf9fb2c461a356d6f22f637\"><strong>Sarja M79<\/strong><\/p>\n\n\n\n<ol class=\"wp-block-list\">\n<li>Luojus Kari Herakles (-78\/77,85) <strong>182kg M45SE (80 M45SE+102 M45SE)<\/strong> 241.456 p.<\/li>\n<\/ol>\n<\/div>\n\n\n\n<div class=\"wp-block-group is-vertical is-layout-flex wp-container-core-group-is-layout-8cf370e7 wp-block-group-is-layout-flex\">\n<p class=\"has-tertiary-color has-text-color has-link-color wp-elements-0d58f21e7aadc9f78b47d86d01bed4d6\"><strong>Sarja M94<\/strong><\/p>\n\n\n\n<ol class=\"wp-block-list\">\n<li>Vuolinko Tapio HauSi (-62\/92,45) <strong>161kg M60SE (71 M60SE+90 M60SE)<\/strong> 197.905 p.<\/li>\n<\/ol>\n<\/div>\n\n\n\n<div class=\"wp-block-group is-vertical is-layout-flex wp-container-core-group-is-layout-8cf370e7 wp-block-group-is-layout-flex\">\n<p class=\"has-tertiary-color has-text-color has-link-color wp-elements-4809a480b0e0910474181753bfff982d\"><strong>Sarja M110<\/strong><\/p>\n\n\n\n<ol class=\"wp-block-list\">\n<li>Kohtam\u00e4ki Timo Bodonos (-62\/100,25) <strong>185kg M60SE (90 M60SE+95 M60SE) <\/strong>220.831 p.<\/li>\n<\/ol>\n<\/div>\n\n\n\n<div class=\"wp-block-group is-vertical is-layout-flex wp-container-core-group-is-layout-8cf370e7 wp-block-group-is-layout-flex\">\n<p class=\"has-tertiary-color has-text-color has-link-color wp-elements-e5d99ac776f0959ee6e96cf420f40ed8\"><strong>Sarja M>110<\/strong><\/p>\n\n\n\n<ol class=\"wp-block-list\">\n<li>Kalliosaari Henri RiKi (-89\/123,35) <strong>222kg<\/strong> (100+122) 248.390 p.<\/li>\n\n\n\n<li>Meisaari Jouni Atomi (-84\/112,95) <strong>175kg<\/strong> (70+105) 201.004 p.<\/li>\n<\/ol>\n<\/div>\n\n\n\n<p>Naisten sarjan voitti Marika Simola J\u00e4rvenp\u00e4\u00e4n Tempauksesta ja miesten sarjan voitti Henri Kalliosaari Riihim\u00e4en Kiskosta. <\/p>\n\n\n\n<p>Viljam Huuskonen ja Marika Simola tekiv\u00e4t molemmissa nostoissa omat kisaenn\u00e4tykset.<\/p>\n\n\n\n<p>Tuomareina toimivat: Arto Rainio, Ahti H\u00e4m\u00e4l\u00e4inen ja Juhani Tossavainen<\/p>\n\n\n\n<p>Suuret onnittelut voittajille sek\u00e4 muille nostajille jotka tekiv\u00e4t omia henkil\u00f6kohtaisia tai muita enn\u00e4tyksi\u00e4 &#8211; Bodonos<\/p>\n\n\n\n<div class=\"alignnormal\"><div id=\"metaslider-id-6474\" style=\"width: 100%;\" class=\"ml-slider-3-108-0 metaslider metaslider-flex metaslider-6474 ml-slider has-dots-nav ms-theme-default-base\" role=\"region\" aria-label=\"Kansalliset 20\/9\/2025\" data-height=\"1200\" data-width=\"800\">\n    <div id=\"metaslider_container_6474\">\n        <div id=\"metaslider_6474\">\n            <ul aria-live='off' class='slides'>\n                <li style=\"display: block; width: 100%;\" class=\"slide-6479 ms-image \" aria-roledescription=\"slide\" data-date=\"2025-09-20 16:40:21\" data-filename=\"IMG_2684-scaled-800x1200.jpg\" data-slide-type=\"image\"><img fetchpriority=\"high\" decoding=\"async\" src=\"https:\/\/www.bodonos.fi\/voimailu\/wp-content\/uploads\/2025\/09\/IMG_2684-scaled-800x1200.jpg\" height=\"1200\" width=\"800\" alt=\"\" class=\"slider-6474 slide-6479 msDefaultImage\" title=\"IMG_2684\" \/><\/li>\n                <li style=\"display: none; width: 100%;\" class=\"slide-6480 ms-image \" aria-roledescription=\"slide\" data-date=\"2025-09-20 16:40:21\" data-filename=\"IMG_2686-scaled-800x1200.jpg\" data-slide-type=\"image\"><img decoding=\"async\" src=\"https:\/\/www.bodonos.fi\/voimailu\/wp-content\/uploads\/2025\/09\/IMG_2686-scaled-800x1200.jpg\" height=\"1200\" width=\"800\" alt=\"\" class=\"slider-6474 slide-6480 msDefaultImage\" title=\"IMG_2686\" \/><\/li>\n                <li style=\"display: none; width: 100%;\" class=\"slide-6478 ms-image \" aria-roledescription=\"slide\" data-date=\"2025-09-20 16:40:21\" data-filename=\"IMG_2680-scaled-800x1200.jpg\" data-slide-type=\"image\"><img decoding=\"async\" src=\"https:\/\/www.bodonos.fi\/voimailu\/wp-content\/uploads\/2025\/09\/IMG_2680-scaled-800x1200.jpg\" height=\"1200\" width=\"800\" alt=\"\" class=\"slider-6474 slide-6478 msDefaultImage\" title=\"IMG_2680\" \/><\/li>\n            <\/ul>\n        <\/div>\n        \n    <\/div>\n<\/div><\/div>\n\n\n\n<p><\/p>\n","protected":false},"excerpt":{"rendered":"<p>Bodonos j\u00e4rjesti Keravalla City-salilla kansalliset painonnostokilpailut 20.9.2025. Vesivahingosta aiheutuneesta k\u00e4ytt\u00f6kelvollisten neli\u00f6iden puuttumisesta huolimatta tunnelma oli<\/p>\n","protected":false},"author":6,"featured_media":6311,"comment_status":"closed","ping_status":"closed","sticky":false,"template":"","format":"standard","meta":{"footnotes":""},"categories":[1,11,8,19,56,77],"tags":[54,30],"class_list":["post-6473","post","type-post","status-publish","format-standard","has-post-thumbnail","hentry","category-bodonos","category-city-sali","category-ennatykset","category-kerava","category-painonnosto","category-tuloksia","tag-54","tag-kansalliset-painonnostokilpailut","comments-off"],"_links":{"self":[{"href":"https:\/\/www.bodonos.fi\/voimailu\/wp-json\/wp\/v2\/posts\/6473","targetHints":{"allow":["GET"]}}],"collection":[{"href":"https:\/\/www.bodonos.fi\/voimailu\/wp-json\/wp\/v2\/posts"}],"about":[{"href":"https:\/\/www.bodonos.fi\/voimailu\/wp-json\/wp\/v2\/types\/post"}],"author":[{"embeddable":true,"href":"https:\/\/www.bodonos.fi\/voimailu\/wp-json\/wp\/v2\/users\/6"}],"replies":[{"embeddable":true,"href":"https:\/\/www.bodonos.fi\/voimailu\/wp-json\/wp\/v2\/comments?post=6473"}],"version-history":[{"count":2,"href":"https:\/\/www.bodonos.fi\/voimailu\/wp-json\/wp\/v2\/posts\/6473\/revisions"}],"predecessor-version":[{"id":6483,"href":"https:\/\/www.bodonos.fi\/voimailu\/wp-json\/wp\/v2\/posts\/6473\/revisions\/6483"}],"wp:featuredmedia":[{"embeddable":true,"href":"https:\/\/www.bodonos.fi\/voimailu\/wp-json\/wp\/v2\/media\/6311"}],"wp:attachment":[{"href":"https:\/\/www.bodonos.fi\/voimailu\/wp-json\/wp\/v2\/media?parent=6473"}],"wp:term":[{"taxonomy":"category","embeddable":true,"href":"https:\/\/www.bodonos.fi\/voimailu\/wp-json\/wp\/v2\/categories?post=6473"},{"taxonomy":"post_tag","embeddable":true,"href":"https:\/\/www.bodonos.fi\/voimailu\/wp-json\/wp\/v2\/tags?post=6473"}],"curies":[{"name":"wp","href":"https:\/\/api.w.org\/{rel}","templated":true}]}}