{"id":6741,"date":"2026-04-15T23:34:11","date_gmt":"2026-04-15T21:34:11","guid":{"rendered":"https:\/\/www.bodonos.fi\/voimailu\/?p=6741"},"modified":"2026-04-27T11:31:31","modified_gmt":"2026-04-27T09:31:31","slug":"markku-liimatainen-on-nimitetty-spnln-neljanneksi-kunniapuheenjohtajaksi","status":"publish","type":"post","link":"https:\/\/www.bodonos.fi\/voimailu\/markku-liimatainen-on-nimitetty-spnln-neljanneksi-kunniapuheenjohtajaksi\/","title":{"rendered":"Markku Liimatainen on nimitetty SPNL:n nelj\u00e4nneksi kunniapuheenjohtajaksi"},"content":{"rendered":"\n<p>Keravalainen voimailuvaikuttaja ja pitk\u00e4n linjan kuntapoliitikko Markku Liimatainen on valittu Suomen Painonnostoliiton kunniapuheenjohtajaksi liiton kev\u00e4tkokouksessa 12. huhtikuuta 2026. Valinta on merkitt\u00e4v\u00e4 tunnustus Liimataisen vuosikymmeni\u00e4 kest\u00e4neest\u00e4 ty\u00f6st\u00e4 suomalaisen painonnoston ja seuratoiminnan hyv\u00e4ksi.<\/p>\n\n\n\n<p>Vuosi 2026 on Markku Liimataiselle erityisen merkitt\u00e4v\u00e4 monella tavalla. H\u00e4n t\u00e4ytti 80 vuotta 6. maaliskuuta 2026. Lis\u00e4ksi t\u00e4n\u00e4 vuonna tulee t\u00e4yteen 50 vuotta h\u00e4nen pitk\u00e4st\u00e4 urastaan kuntapolitiikan parissa.<\/p>\n\n\n\n<p>Voimailuseura Bodonokselle valinta on erityisen merkityksellinen, sill\u00e4 Liimatainen on yksi seuran perustajaj\u00e4senist\u00e4 ja pitk\u00e4aikainen vaikuttaja, joka on ollut mukana rakentamassa keravalaista painonnostoa jo yli viiden vuosikymmenen ajan.<\/p>\n\n\n\n<h1 class=\"wp-block-heading\">Bodonoksen perustajista suomalaisen painonnoston k\u00e4rkeen<\/h1>\n\n\n\n<p>Voimailuseura Bodonos perustettiin vuonna 1971. Perustajaj\u00e4seniin kuuluivat muun muassa Seppo Viira, Risto Niinikoski, Olavi Koski, Vilho Kyt\u00f6l\u00e4, Viljo Karhap\u00e4\u00e4 ja Markku Liimatainen.<\/p>\n\n\n\n<p>Liimatainen on ollut seuran toiminnassa mukana perustamisesta l\u00e4htien ja toiminut vuosien aikana muun muassa:<\/p>\n\n\n\n<ul class=\"wp-block-list\">\n<li>Seuran johtoteht\u00e4viss\u00e4<\/li>\n\n\n\n<li>Painonnoston kehitt\u00e4j\u00e4n\u00e4 Keravalla<\/li>\n\n\n\n<li>Seuratoiminnan aktiivisena rakentajana<\/li>\n\n\n\n<li>Bodonoksen kunniapuheenjohtajana<\/li>\n<\/ul>\n\n\n\n<p>Lis\u00e4ksi Liimatainen on toiminut my\u00f6s Suomen Painonnostoliiton puheenjohtajana ja vaikuttanut valtakunnallisesti lajin kehitykseen.<\/p>\n\n\n\n<p>H\u00e4n on osallistunut my\u00f6s kilpailutoimintaan viel\u00e4 veteraani-i\u00e4ss\u00e4, mik\u00e4 kertoo ihailtavasta sitoutumisesta lajiin. Viel\u00e4 viime vuosina Liimatainen on n\u00e4hty kilpailulavoilla Bodonoksen v\u00e4reiss\u00e4.<\/p>\n\n\n\n<h1 class=\"wp-block-heading\">50 vuotta kuntapolitiikassa<\/h1>\n\n\n\n<p>Vuosi 2026 on Markku Liimataiselle merkitt\u00e4v\u00e4 my\u00f6s toisesta syyst\u00e4. H\u00e4nelle tulee t\u00e4n\u00e4 vuonna t\u00e4yteen 50 vuotta politiikan parissa.<\/p>\n\n\n\n<p>Liimatainen valittiin ensimm\u00e4isen kerran Keravan kaupunginvaltuustoon vuonna 1977, ja h\u00e4n on toiminut valtuutettuna yht\u00e4jaksoisesti siit\u00e4 l\u00e4htien.<\/p>\n\n\n\n<p>H\u00e4nen pitk\u00e4 uransa sis\u00e4lt\u00e4\u00e4 useita keskeisi\u00e4 luottamusteht\u00e4vi\u00e4:<\/p>\n\n\n\n<ul class=\"wp-block-list\">\n<li>Keravan kaupunginvaltuuston puheenjohtaja<\/li>\n\n\n\n<li>Keravan kaupunginhallituksen puheenjohtaja<\/li>\n\n\n\n<li>Lukuisia muita luottamusteht\u00e4vi\u00e4 kaupungin p\u00e4\u00e4t\u00f6ksenteossa<\/li>\n<\/ul>\n\n\n\n<p>Liimatainen on ollut vuosikymmenten ajan yksi Keravan tunnetuimmista kuntapoliitikoista. H\u00e4n on osallistunut useisiin kaupungin merkitt\u00e4viin kehityshankkeisiin.<\/p>\n\n\n\n<p>H\u00e4n on ollut mukana muun muassa:<\/p>\n\n\n\n<ul class=\"wp-block-list\">\n<li>Keravan keskustan kehitt\u00e4misess\u00e4<\/li>\n\n\n\n<li>Kaupunkisuunnittelun suurissa linjauksissa<\/li>\n\n\n\n<li>Keravan uuden kirjaston toteutuksessa<\/li>\n<\/ul>\n\n\n\n<figure class=\"wp-block-image size-full\"><a href=\"https:\/\/www.bodonos.fi\/voimailu\/wp-content\/uploads\/2026\/04\/648682308_18562908652009956_3082763611348383784_n.jpg\"><img fetchpriority=\"high\" decoding=\"async\" width=\"1440\" height=\"1440\" src=\"https:\/\/www.bodonos.fi\/voimailu\/wp-content\/uploads\/2026\/04\/648682308_18562908652009956_3082763611348383784_n.jpg\" alt=\"\" class=\"wp-image-6743\" srcset=\"https:\/\/www.bodonos.fi\/voimailu\/wp-content\/uploads\/2026\/04\/648682308_18562908652009956_3082763611348383784_n.jpg 1440w, https:\/\/www.bodonos.fi\/voimailu\/wp-content\/uploads\/2026\/04\/648682308_18562908652009956_3082763611348383784_n-768x768.jpg 768w\" sizes=\"(max-width: 1440px) 100vw, 1440px\" \/><\/a><\/figure>\n\n\n\n<h1 class=\"wp-block-heading\">Pitk\u00e4 ura jatkuu edelleen<\/h1>\n\n\n\n<p>Vaikka vuosikymmeni\u00e4 on takana, Markku Liimatainen on edelleen aktiivisesti mukana sek\u00e4 kuntapolitiikassa ett\u00e4 painonnostotoiminnassa.<\/p>\n\n\n\n<p>Suomen Painonnostoliiton kunniapuheenjohtajaksi valinta on hieno tunnustus el\u00e4m\u00e4nty\u00f6st\u00e4 lajin parissa.<\/p>\n\n\n\n<p>Voimailuseura Bodonos onnittelee l\u00e4mpim\u00e4sti seuramme kunniapuheenjohtajaa, perustajaj\u00e4sent\u00e4 sek\u00e4 hyv\u00e4\u00e4 yst\u00e4v\u00e4\u00e4, Markku Liimataista merkitt\u00e4v\u00e4st\u00e4 tunnustuksesta ja kiitt\u00e4\u00e4 pitk\u00e4st\u00e4 ty\u00f6st\u00e4 suomalaisen painonnoston ja keravalaisen liikunnan hyv\u00e4ksi.<\/p>\n\n\n\n<p><strong>Voimailuseura Bodonos <\/strong><\/p>\n","protected":false},"excerpt":{"rendered":"<p>Keravalainen voimailuvaikuttaja ja pitk\u00e4n linjan kuntapoliitikko Markku Liimatainen on valittu Suomen Painonnostoliiton kunniapuheenjohtajaksi liiton kev\u00e4tkokouksessa<\/p>\n","protected":false},"author":6,"featured_media":0,"comment_status":"closed","ping_status":"closed","sticky":false,"template":"","format":"standard","meta":{"footnotes":""},"categories":[1,56],"tags":[112,110,111],"class_list":["post-6741","post","type-post","status-publish","format-standard","hentry","category-bodonos","category-painonnosto","tag-kunniapuheenjohtaja","tag-martti-liimatainen","tag-spnl","comments-off"],"_links":{"self":[{"href":"https:\/\/www.bodonos.fi\/voimailu\/wp-json\/wp\/v2\/posts\/6741","targetHints":{"allow":["GET"]}}],"collection":[{"href":"https:\/\/www.bodonos.fi\/voimailu\/wp-json\/wp\/v2\/posts"}],"about":[{"href":"https:\/\/www.bodonos.fi\/voimailu\/wp-json\/wp\/v2\/types\/post"}],"author":[{"embeddable":true,"href":"https:\/\/www.bodonos.fi\/voimailu\/wp-json\/wp\/v2\/users\/6"}],"replies":[{"embeddable":true,"href":"https:\/\/www.bodonos.fi\/voimailu\/wp-json\/wp\/v2\/comments?post=6741"}],"version-history":[{"count":4,"href":"https:\/\/www.bodonos.fi\/voimailu\/wp-json\/wp\/v2\/posts\/6741\/revisions"}],"predecessor-version":[{"id":6753,"href":"https:\/\/www.bodonos.fi\/voimailu\/wp-json\/wp\/v2\/posts\/6741\/revisions\/6753"}],"wp:attachment":[{"href":"https:\/\/www.bodonos.fi\/voimailu\/wp-json\/wp\/v2\/media?parent=6741"}],"wp:term":[{"taxonomy":"category","embeddable":true,"href":"https:\/\/www.bodonos.fi\/voimailu\/wp-json\/wp\/v2\/categories?post=6741"},{"taxonomy":"post_tag","embeddable":true,"href":"https:\/\/www.bodonos.fi\/voimailu\/wp-json\/wp\/v2\/tags?post=6741"}],"curies":[{"name":"wp","href":"https:\/\/api.w.org\/{rel}","templated":true}]}}